{"id":12039,"date":"2024-09-06T11:42:58","date_gmt":"2024-09-06T11:42:58","guid":{"rendered":"https:\/\/www.fastfilmproduzioni.it\/app\/?p=12039"},"modified":"2025-03-11T09:25:29","modified_gmt":"2025-03-11T09:25:29","slug":"per-elisa-il-caso-claps-arriva-su-netflix","status":"publish","type":"post","link":"https:\/\/www.fastfilmproduzioni.it\/app\/news\/per-elisa-il-caso-claps-arriva-su-netflix\/","title":{"rendered":"Per Elisa \u2013 Il caso Claps\u00a0arriva su Netflix"},"content":{"rendered":"\t\t<div data-elementor-type=\"wp-post\" data-elementor-id=\"12039\" class=\"elementor elementor-12039\" data-elementor-post-type=\"post\">\n\t\t\t\t<div class=\"elementor-element elementor-element-76317022 e-flex e-con-boxed e-con e-parent\" data-id=\"76317022\" data-element_type=\"container\" data-e-type=\"container\">\n\t\t\t\t\t<div class=\"e-con-inner\">\n\t\t\t\t<div class=\"elementor-element elementor-element-34bdedfc elementor-widget elementor-widget-text-editor\" data-id=\"34bdedfc\" data-element_type=\"widget\" data-e-type=\"widget\" data-widget_type=\"text-editor.default\">\n\t\t\t\t<div class=\"elementor-widget-container\">\n\t\t\t\t\t\t\t\t\t<p><\/p>\n<p class=\"wp-block-paragraph\"><strong><em><mark class=\"has-inline-color has-theme-palette-2-color\" style=\"background-color: rgba(0, 0, 0, 0);\">28 agosto 2024<\/mark><\/em><\/strong>\u00a0<\/p>\n<p><\/p>\n<p><\/p>\n<p class=\"wp-block-paragraph\" style=\"text-transform: none;\">Dallo scorso 26 luglio\u00a0<em>Per Elisa \u2013 Il Caso Claps<\/em>\u00a0\u00e8 disponibile su Netflix Italia. Da quando \u00e8 stata rilasciata, la serie \u00e8 ininterrottamente rimasta in top 10 per circa due mesi (e per circa dieci giorni al 1\u00b0posto delle serie pi\u00f9 viste in Italia).\u00a0<\/p>\n<p><\/p>\n<p><\/p>\n<p class=\"wp-block-paragraph\" style=\"text-transform: none;\">In foto: Giulio Della Monica nel ruolo di Danilo Restivo<\/p>\n<p><\/p>\n<p><\/p>\n<p class=\"wp-block-paragraph\"><\/p>\t\t\t\t\t\t\t\t<\/div>\n\t\t\t\t<\/div>\n\t\t\t\t\t<\/div>\n\t\t\t\t<\/div>\n\t\t\t\t<\/div>\n\t\t","protected":false},"excerpt":{"rendered":"<p>28 agosto 2024\u00a0 Dallo scorso 26 luglio\u00a0Per Elisa \u2013 Il Caso Claps\u00a0\u00e8 disponibile su Netflix&#8230;<\/p>\n","protected":false},"author":1,"featured_media":12030,"comment_status":"open","ping_status":"open","sticky":false,"template":"","format":"standard","meta":{"_tbt_post_transparent":"","_tbt_post_title":"","_tbt_post_layout":"","_tbt_post_sidebar_id":"","_tbt_post_content_style":"","_tbt_post_vertical_padding":"","_tbt_post_feature":"","_tbt_post_feature_position":"","_tbt_post_header":false,"_tbt_post_footer":false},"categories":[85],"tags":[72,64,70,68,66,95,62],"class_list":["post-12039","post","type-post","status-publish","format-standard","has-post-thumbnail","hentry","category-news","tag-caso-claps","tag-drama-series","tag-elisa-claps","tag-fiction","tag-mini-series","tag-netflix","tag-tv-series"],"_links":{"self":[{"href":"https:\/\/www.fastfilmproduzioni.it\/app\/wp-json\/wp\/v2\/posts\/12039","targetHints":{"allow":["GET"]}}],"collection":[{"href":"https:\/\/www.fastfilmproduzioni.it\/app\/wp-json\/wp\/v2\/posts"}],"about":[{"href":"https:\/\/www.fastfilmproduzioni.it\/app\/wp-json\/wp\/v2\/types\/post"}],"author":[{"embeddable":true,"href":"https:\/\/www.fastfilmproduzioni.it\/app\/wp-json\/wp\/v2\/users\/1"}],"replies":[{"embeddable":true,"href":"https:\/\/www.fastfilmproduzioni.it\/app\/wp-json\/wp\/v2\/comments?post=12039"}],"version-history":[{"count":15,"href":"https:\/\/www.fastfilmproduzioni.it\/app\/wp-json\/wp\/v2\/posts\/12039\/revisions"}],"predecessor-version":[{"id":13485,"href":"https:\/\/www.fastfilmproduzioni.it\/app\/wp-json\/wp\/v2\/posts\/12039\/revisions\/13485"}],"wp:featuredmedia":[{"embeddable":true,"href":"https:\/\/www.fastfilmproduzioni.it\/app\/wp-json\/wp\/v2\/media\/12030"}],"wp:attachment":[{"href":"https:\/\/www.fastfilmproduzioni.it\/app\/wp-json\/wp\/v2\/media?parent=12039"}],"wp:term":[{"taxonomy":"category","embeddable":true,"href":"https:\/\/www.fastfilmproduzioni.it\/app\/wp-json\/wp\/v2\/categories?post=12039"},{"taxonomy":"post_tag","embeddable":true,"href":"https:\/\/www.fastfilmproduzioni.it\/app\/wp-json\/wp\/v2\/tags?post=12039"}],"curies":[{"name":"wp","href":"https:\/\/api.w.org\/{rel}","templated":true}]}}